{"id":444,"date":"2014-04-29T19:23:00","date_gmt":"2014-04-29T22:23:00","guid":{"rendered":"https:\/\/www.psafe.com\/blog\/fotos-instagram-serao-vendidas-pelo-facebook"},"modified":"2022-02-14T17:53:27","modified_gmt":"2022-02-14T20:53:27","slug":"fotos-instagram-serao-vendidas-pelo-facebook","status":"publish","type":"post","link":"https:\/\/www.psafe.com\/blog\/fotos-instagram-serao-vendidas-pelo-facebook\/","title":{"rendered":"Fotos do Instagram ser\u00e3o vendidas pelo Facebook"},"content":{"rendered":"<p>As mudan&ccedil;as promovidas no Instagram caminham a passos lentos ap&oacute;s a aquisi&ccedil;&atilde;o da rede social de fotografias pelo Facebook por US$ 1 bilh&atilde;o, mas agora parecem ganhar contornos mais claros. A primeira atitude do Facebook foi alterar os termos de uso, tornando-se o novo dono dos direitos autorais das fotografias produzidas e postadas por usu&aacute;rios na rede. Numa r&aacute;pida resposta, o n&uacute;mero de usu&aacute;rios caiu vertiginosamente, de 39 milh&otilde;es de perfis ativos para 12,4 milh&otilde;es em dezembro de 2012, com cr&iacute;ticas ao oportunismo da empresa de Mark Zuckerberg.<\/p>\n<p>Em meados de janeiro de 2013, o Instagram havia recuperado parte de seus usu&aacute;rios e atingia 19,6 milh&otilde;es de perfis ativos. Os n&uacute;meros s&atilde;o da empresa de an&aacute;lise de audi&ecirc;ncia AddData, que na sequ&ecirc;ncia foi proibida de aferir dados do Instagram pelo Facebook. Outra empresa de aferi&ccedil;&atilde;o de audi&ecirc;ncia, a AppStat, no per&iacute;odo ap&oacute;s queda de 42% de usu&aacute;rios, detectou aumento de usu&aacute;rios mensais, mas sugeriu que os novos perfis estavam menos ativos que os anteriores. A pol&ecirc;mica fez com que o Facebook se pronunciasse e alterasse pontos obscuros do termo de uso para tentar reverter a percep&ccedil;&atilde;o de que a rede pretendia comercializar imagens sem remunerar os autores\/publicadores.<\/p>\n<p><img decoding=\"async\" alt=\"\" src=\"https:\/\/static.psafe.net\/blog\/instagram-facebook_2014-04-29.jpg\" style=\"height:388px; width:580px\" \/><\/p>\n<p>A querela ganha for&ccedil;a novamente com o an&uacute;ncio de que o Facebook ir&aacute; convergir o Instagram para a rede social, compartilhando dados de usu&aacute;rios, com a desculpa de facilitar a identifica&ccedil;&atilde;o de spam, auxiliar na detec&ccedil;&atilde;o de problemas e oferecer solu&ccedil;&otilde;es mais r&aacute;pidas. Mas, por traz deste an&uacute;ncio parece estar tamb&eacute;m a inten&ccedil;&atilde;o de incluir propagandas no Instagram para torna-lo rent&aacute;vel e a cria&ccedil;&atilde;o de um banco de imagens que poder&aacute; ser compartilhado com empresas de publicidade.<\/p>\n<p>Criada em 2010 por Kevin Systrom e Mark Krieger inicialmente para iOS, ganhou vers&atilde;o para Android em 2012. Hoje, de acordo com informa&ccedil;&otilde;es do blog do app, o Instagram possui 200 milh&otilde;es de usu&aacute;rios ativos mensais, 20 bilh&otilde;es de imagens postadas, 60 milh&otilde;es de novas fotos publicadas por dia, que recebem 1,6 bilh&atilde;o de curtidas. E seus usu&aacute;rios s&atilde;o, em grande parte, 65%, de fora dos Estados Unidos. Agora &eacute; esperar a repercuss&atilde;o para verificar se a rede ir&aacute; apresentar nova queda vertiginosa de usu&aacute;rios ou se seguir&aacute; conquistando novos &lsquo;fot&oacute;grafos&rsquo; mundo afora.<\/p>\n","protected":false},"excerpt":{"rendered":"<p>Incluir propagandas no Instagram para torna-lo rent\u00e1vel e a cria\u00e7\u00e3o de um banco de imagens que poder\u00e1 ser compartilhado com empresas de publicidade.<\/p>\n","protected":false},"author":114,"featured_media":0,"comment_status":"closed","ping_status":"closed","sticky":false,"template":"","format":"standard","meta":{"_crdt_document":"","ngg_post_thumbnail":0,"footnotes":""},"categories":[6],"tags":[146,268,6659],"class_list":["post-444","post","type-post","status-publish","format-standard","hentry","category-mercado","tag-facebook","tag-instagram","tag-noticia"],"_links":{"self":[{"href":"https:\/\/www.psafe.com\/blog\/wp-json\/wp\/v2\/posts\/444","targetHints":{"allow":["GET"]}}],"collection":[{"href":"https:\/\/www.psafe.com\/blog\/wp-json\/wp\/v2\/posts"}],"about":[{"href":"https:\/\/www.psafe.com\/blog\/wp-json\/wp\/v2\/types\/post"}],"author":[{"embeddable":true,"href":"https:\/\/www.psafe.com\/blog\/wp-json\/wp\/v2\/users\/114"}],"replies":[{"embeddable":true,"href":"https:\/\/www.psafe.com\/blog\/wp-json\/wp\/v2\/comments?post=444"}],"version-history":[{"count":0,"href":"https:\/\/www.psafe.com\/blog\/wp-json\/wp\/v2\/posts\/444\/revisions"}],"wp:attachment":[{"href":"https:\/\/www.psafe.com\/blog\/wp-json\/wp\/v2\/media?parent=444"}],"wp:term":[{"taxonomy":"category","embeddable":true,"href":"https:\/\/www.psafe.com\/blog\/wp-json\/wp\/v2\/categories?post=444"},{"taxonomy":"post_tag","embeddable":true,"href":"https:\/\/www.psafe.com\/blog\/wp-json\/wp\/v2\/tags?post=444"}],"curies":[{"name":"wp","href":"https:\/\/api.w.org\/{rel}","templated":true}]}}